{"id":12603,"date":"2024-11-15T15:15:10","date_gmt":"2024-11-15T15:15:10","guid":{"rendered":"https:\/\/ietirafaelnaviavaron.edu.co\/?p=12603"},"modified":"2025-09-02T12:38:34","modified_gmt":"2025-09-02T12:38:34","slug":"cierre-del-proyecto-de-integracion-curricular-2024","status":"publish","type":"post","link":"https:\/\/ietirafaelnaviavaron.edu.co\/?p=12603","title":{"rendered":"Cierre del Proyecto de Integraci\u00f3n Curricular 2024"},"content":{"rendered":"\t\t<div data-elementor-type=\"wp-post\" data-elementor-id=\"12603\" class=\"elementor elementor-12603\">\n\t\t\t\t\t\t<section data-particle_enable=\"false\" data-particle-mobile-disabled=\"false\" class=\"elementor-section elementor-top-section elementor-element elementor-element-09e3b7d elementor-section-boxed elementor-section-height-default elementor-section-height-default\" data-id=\"09e3b7d\" data-element_type=\"section\" data-settings=\"{&quot;_ha_eqh_enable&quot;:false}\">\n\t\t\t\t\t\t<div class=\"elementor-container elementor-column-gap-default\">\n\t\t\t\t\t<div class=\"elementor-column elementor-col-66 elementor-top-column elementor-element elementor-element-1491239\" data-id=\"1491239\" data-element_type=\"column\">\n\t\t\t<div class=\"elementor-widget-wrap elementor-element-populated\">\n\t\t\t\t\t\t<div class=\"elementor-element elementor-element-399137a elementor-widget elementor-widget-image\" data-id=\"399137a\" data-element_type=\"widget\" data-widget_type=\"image.default\">\n\t\t\t\t<div class=\"elementor-widget-container\">\n\t\t\t\t\t\t\t\t\t\t\t\t\t<img fetchpriority=\"high\" decoding=\"async\" width=\"800\" height=\"671\" src=\"https:\/\/ietirafaelnaviavaron.edu.co\/wp-content\/uploads\/2024\/08\/Rendicion-de-cuentas-2025-1.png\" class=\"attachment-large size-large wp-image-12872\" alt=\"\" srcset=\"https:\/\/ietirafaelnaviavaron.edu.co\/wp-content\/uploads\/2024\/08\/Rendicion-de-cuentas-2025-1.png 940w, https:\/\/ietirafaelnaviavaron.edu.co\/wp-content\/uploads\/2024\/08\/Rendicion-de-cuentas-2025-1-300x251.png 300w, https:\/\/ietirafaelnaviavaron.edu.co\/wp-content\/uploads\/2024\/08\/Rendicion-de-cuentas-2025-1-768x644.png 768w\" sizes=\"(max-width: 800px) 100vw, 800px\" \/>\t\t\t\t\t\t\t\t\t\t\t\t\t<\/div>\n\t\t\t\t<\/div>\n\t\t\t\t\t<\/div>\n\t\t<\/div>\n\t\t\t\t<div class=\"elementor-column elementor-col-33 elementor-top-column elementor-element elementor-element-1488169\" data-id=\"1488169\" data-element_type=\"column\">\n\t\t\t<div class=\"elementor-widget-wrap elementor-element-populated\">\n\t\t\t\t\t\t<div class=\"elementor-element elementor-element-18213df elementor-widget elementor-widget-heading\" data-id=\"18213df\" data-element_type=\"widget\" data-widget_type=\"heading.default\">\n\t\t\t\t<div class=\"elementor-widget-container\">\n\t\t\t<h2 class=\"elementor-heading-title elementor-size-default\">La Instituci\u00f3n Educativa Rafael Navia Var\u00f3n realiz\u00f3 el cierre del proyecto de integraci\u00f3n curricular 2024<\/h2>\t\t<\/div>\n\t\t\t\t<\/div>\n\t\t\t\t<div class=\"elementor-element elementor-element-5a983a9 elementor-widget elementor-widget-image\" data-id=\"5a983a9\" data-element_type=\"widget\" data-widget_type=\"image.default\">\n\t\t\t\t<div class=\"elementor-widget-container\">\n\t\t\t\t\t\t\t\t\t\t\t\t\t<img decoding=\"async\" width=\"190\" height=\"146\" src=\"https:\/\/ietirafaelnaviavaron.edu.co\/wp-content\/uploads\/2024\/11\/alcaldia.png\" class=\"attachment-large size-large wp-image-12607\" alt=\"\" \/>\t\t\t\t\t\t\t\t\t\t\t\t\t<\/div>\n\t\t\t\t<\/div>\n\t\t\t\t<div class=\"elementor-element elementor-element-1acc207 elementor-widget elementor-widget-ha-creative-button happy-addon ha-creative-button\" data-id=\"1acc207\" data-element_type=\"widget\" data-widget_type=\"ha-creative-button.default\">\n\t\t\t\t<div class=\"elementor-widget-container\">\n\t\t\t\t\t<div data-magnetic=\"no\" class=\"ha-creative-btn-wrap\">\n\t\t\t<a class=\"ha-creative-btn ha-stl--iconica ha-eft--slide-in-down\" href=\"https:\/\/www.cali.gov.co\/educacion\/publicaciones\/183793\/la-institucion-educativa-rafael-navia-varon-realizo-el-cierre-del--proyecto-de-integracion-curricular-2024\/\" rel=\"nofollow\"><span>Ver Noticia<\/span><i aria-hidden=\"true\" class=\"far fa-newspaper\"><\/i><\/a>\n\t\t<\/div>\t\t<\/div>\n\t\t\t\t<\/div>\n\t\t\t\t\t<\/div>\n\t\t<\/div>\n\t\t\t\t\t<\/div>\n\t\t<\/section>\n\t\t\t\t<\/div>\n\t\t","protected":false},"excerpt":{"rendered":"<p>La Instituci\u00f3n Educativa Rafael Navia Var\u00f3n realiz\u00f3 el cierre del proyecto de integraci\u00f3n curricular 2024 Ver Noticia<\/p>\n","protected":false},"author":1,"featured_media":12604,"comment_status":"open","ping_status":"open","sticky":false,"template":"","format":"standard","meta":{"footnotes":""},"categories":[1],"tags":[],"class_list":["post-12603","post","type-post","status-publish","format-standard","has-post-thumbnail","hentry","category-uncategorized"],"_links":{"self":[{"href":"https:\/\/ietirafaelnaviavaron.edu.co\/index.php?rest_route=\/wp\/v2\/posts\/12603","targetHints":{"allow":["GET"]}}],"collection":[{"href":"https:\/\/ietirafaelnaviavaron.edu.co\/index.php?rest_route=\/wp\/v2\/posts"}],"about":[{"href":"https:\/\/ietirafaelnaviavaron.edu.co\/index.php?rest_route=\/wp\/v2\/types\/post"}],"author":[{"embeddable":true,"href":"https:\/\/ietirafaelnaviavaron.edu.co\/index.php?rest_route=\/wp\/v2\/users\/1"}],"replies":[{"embeddable":true,"href":"https:\/\/ietirafaelnaviavaron.edu.co\/index.php?rest_route=%2Fwp%2Fv2%2Fcomments&post=12603"}],"version-history":[{"count":11,"href":"https:\/\/ietirafaelnaviavaron.edu.co\/index.php?rest_route=\/wp\/v2\/posts\/12603\/revisions"}],"predecessor-version":[{"id":12880,"href":"https:\/\/ietirafaelnaviavaron.edu.co\/index.php?rest_route=\/wp\/v2\/posts\/12603\/revisions\/12880"}],"wp:featuredmedia":[{"embeddable":true,"href":"https:\/\/ietirafaelnaviavaron.edu.co\/index.php?rest_route=\/wp\/v2\/media\/12604"}],"wp:attachment":[{"href":"https:\/\/ietirafaelnaviavaron.edu.co\/index.php?rest_route=%2Fwp%2Fv2%2Fmedia&parent=12603"}],"wp:term":[{"taxonomy":"category","embeddable":true,"href":"https:\/\/ietirafaelnaviavaron.edu.co\/index.php?rest_route=%2Fwp%2Fv2%2Fcategories&post=12603"},{"taxonomy":"post_tag","embeddable":true,"href":"https:\/\/ietirafaelnaviavaron.edu.co\/index.php?rest_route=%2Fwp%2Fv2%2Ftags&post=12603"}],"curies":[{"name":"wp","href":"https:\/\/api.w.org\/{rel}","templated":true}]}}